{"id":12714,"date":"2018-12-13T16:45:02","date_gmt":"2018-12-13T15:45:02","guid":{"rendered":"http:\/\/baltic.be-ge.se\/celebration-st-lucias-day\/"},"modified":"2018-12-13T16:45:02","modified_gmt":"2018-12-13T15:45:02","slug":"celebration-st-lucias-day","status":"publish","type":"post","link":"https:\/\/baltic.be-ge.se\/sv\/celebration-st-lucias-day\/","title":{"rendered":"Firande av Luciadagen"},"content":{"rendered":"<p><img fetchpriority=\"high\" decoding=\"async\" class=\"alignnone wp-image-2674\" src=\"http:\/\/baltic.be-ge.se\/wp-content\/uploads\/2018\/12\/Lucia-Be-Ge.jpg\" alt=\"\" width=\"496\" height=\"661\" \/><\/p>\n<p>Den 13 december firade vi Lucia, en speciell dag som har gamla traditioner i Sverige, d\u00e5 ljuset kommer tillbaka och vintersolst\u00e5ndet n\u00e4rmar sig. F\u00f6r f\u00f6rsta g\u00e5ngen presenterades Lucias\u00e5nger p\u00e5 svenska av ett team av f\u00f6rsta\u00e5rsstudenter i svenska spr\u00e5ket vid Klaip\u0117das universitet och elever p\u00e5 Klaip\u0117da Vytautas Magnus Gymnasium vid en kaffebroms f\u00f6r v\u00e5r personal f\u00f6r att uppleva denna vackra svenska tradition. Tillsammans med Be-Ge Baltics styrelseledam\u00f6ter och representanter f\u00f6r det svenska samh\u00e4llet i Klaipeda-regionen tittade vi p\u00e5 det ljusb\u00e4rande luciat\u00e5get, smakade p\u00e5 luciasaffransbullar, bakade av v\u00e5ra anst\u00e4llda och svenska pepparkakor. Ingemar Persson, en av Be-Ge-gruppens \u00e4gare, uttryckte sin uppskattning \u00f6ver att luciafirande kom till Be-Ge Baltic och \u00f6nskade alla en god jul och ett gott nytt \u00e5r.<\/p>\n<p>&nbsp;<\/p>\n<p><img decoding=\"async\" class=\"alignnone wp-image-2665\" src=\"http:\/\/baltic.be-ge.se\/wp-content\/uploads\/2018\/12\/20181213_092821.jpg\" alt=\"\" width=\"719\" height=\"490\" \/><\/p>\n<p>&nbsp;<\/p>\n<p><img decoding=\"async\" class=\"alignnone wp-image-2656\" src=\"http:\/\/baltic.be-ge.se\/wp-content\/uploads\/2018\/12\/20181213_090544.jpg\" alt=\"\" width=\"721\" height=\"442\" \/><\/p>\n<p><img loading=\"lazy\" decoding=\"async\" class=\"alignnone wp-image-2659\" src=\"http:\/\/baltic.be-ge.se\/wp-content\/uploads\/2018\/12\/20181213_092036.jpg\" alt=\"\" width=\"718\" height=\"386\" \/><\/p>","protected":false},"excerpt":{"rendered":"<p>On December 13th we celebrated Lucia, a special day that has old traditions in Sweden, when the light returns, and the winter solstice approaches. For the first time, Lucia songs in Swedish were presented by a team of first year students of Swedish language at Klaip\u0117da University and pupils at Klaip\u0117da Vytautas Magnus Gymnasium at [&hellip;]<\/p>\n","protected":false},"author":7,"featured_media":0,"comment_status":"closed","ping_status":"closed","sticky":false,"template":"","format":"standard","meta":{"_acf_changed":false,"footnotes":""},"categories":[32],"tags":[],"class_list":["post-12714","post","type-post","status-publish","format-standard","hentry","category-news"],"acf":[],"_links":{"self":[{"href":"https:\/\/baltic.be-ge.se\/sv\/wp-json\/wp\/v2\/posts\/12714","targetHints":{"allow":["GET"]}}],"collection":[{"href":"https:\/\/baltic.be-ge.se\/sv\/wp-json\/wp\/v2\/posts"}],"about":[{"href":"https:\/\/baltic.be-ge.se\/sv\/wp-json\/wp\/v2\/types\/post"}],"author":[{"embeddable":true,"href":"https:\/\/baltic.be-ge.se\/sv\/wp-json\/wp\/v2\/users\/7"}],"replies":[{"embeddable":true,"href":"https:\/\/baltic.be-ge.se\/sv\/wp-json\/wp\/v2\/comments?post=12714"}],"version-history":[{"count":0,"href":"https:\/\/baltic.be-ge.se\/sv\/wp-json\/wp\/v2\/posts\/12714\/revisions"}],"wp:attachment":[{"href":"https:\/\/baltic.be-ge.se\/sv\/wp-json\/wp\/v2\/media?parent=12714"}],"wp:term":[{"taxonomy":"category","embeddable":true,"href":"https:\/\/baltic.be-ge.se\/sv\/wp-json\/wp\/v2\/categories?post=12714"},{"taxonomy":"post_tag","embeddable":true,"href":"https:\/\/baltic.be-ge.se\/sv\/wp-json\/wp\/v2\/tags?post=12714"}],"curies":[{"name":"wp","href":"https:\/\/api.w.org\/{rel}","templated":true}]}}